{"id":10454,"date":"2022-11-10T19:59:41","date_gmt":"2022-11-10T18:59:41","guid":{"rendered":"https:\/\/chefpastry.ch\/?p=10454"},"modified":"2025-12-17T14:43:36","modified_gmt":"2025-12-17T13:43:36","slug":"soffrir-cours-atelier-patisserie-prive","status":"publish","type":"post","link":"https:\/\/chefpastry.ch\/de\/soffrir-cours-atelier-patisserie-prive\/","title":{"rendered":"Sich einen privaten Backkurs\/ein privates Backatelier g\u00f6nnen"},"content":{"rendered":"<h2 class=\"wp-block-heading\" id=\"h-pourquoi-s-offrir-un-cours-atelier-en-prive\">Warum sollte man sich einen Kurs \/ Workshop privat g\u00f6nnen?<\/h2>\n\n\n\n<p>Es gibt viele Gr\u00fcnde, die jeder f\u00fcr sich selbst will <strong>sich einen privaten Backkurs \/ -workshop g\u00f6nnen<\/strong>.<\/p>\n\n\n\n<p>Der private Patisseriekurs \/ -workshop erm\u00f6glicht es Ihnen, in Ihrem eigenen Rhythmus voranzukommen und die volle Aufmerksamkeit des K\u00fcchenchefs Fr\u00e9d\u00e9ric f\u00fcr sich zu haben. Es wird Ihnen so m\u00f6glich sein<strong>vertiefen<\/strong> Ihre <strong>Kenntnisse <\/strong>und auf jede Ihrer <strong>Abfragen<\/strong>. <\/p>\n\n\n\n<p>Wie bei den Gruppenkursen \/ Workshops werden Sie <strong>realisieren<\/strong> die Einnahmen <strong>selbst<\/strong> in ihrem <strong>realisiert Vollst\u00e4ndig <\/strong>; unser Koch Fr\u00e9d\u00e9ric wird da sein, um Sie Schritt f\u00fcr Schritt durch die verschiedenen Techniken zu f\u00fchren.<\/p>\n\n\n\n<p>Am Ende des Kurses \/ Workshops gehen Sie mit :<\/p>\n\n\n\n<ul class=\"wp-block-list\">\n<li>\ud83c\udf70 Ihre Errungenschaft<\/li>\n\n\n\n<li>\u270d\ufe0f die Einnahmen<\/li>\n\n\n\n<li>\ud83d\udc68\ud83c\udf73 die Tipps unseres K\u00fcchenchefs Fr\u00e9d\u00e9ric<\/li>\n\n\n\n<li>\u2754 die Antworten auf Ihre verschiedenen Fragen im Zusammenhang mit dem Backen<\/li>\n\n\n\n<li>\ud83d\udca1 den Kopf voller Ideen f\u00fcr Ihre zuk\u00fcnftigen Backwaren.<\/li>\n<\/ul>\n\n\n\n<p><\/p>\n\n\n\n<div style=\"height:50px\" aria-hidden=\"true\" class=\"wp-block-spacer\"><\/div>\n\n\n\n<h2 class=\"wp-block-heading\" id=\"h-langue-parlee-durant-le-cours-atelier\">Gesprochene Sprache w\u00e4hrend des Kurses \/ Workshops<\/h2>\n\n\n\n<p>Unser Chefkoch Fr\u00e9d\u00e9ric wird sich freuen, diesen Kurs \/ diesen Patisserie-Workshop zu leiten, indem er <strong>Franz\u00f6sisch <\/strong>oder in <strong>Deutsch<\/strong>Sie k\u00f6nnen uns mitteilen, in welcher Sprache Sie sprechen und die Rezepte erhalten m\u00f6chten.<\/p>\n\n\n\n<p><\/p>\n\n\n\n<div style=\"height:50px\" aria-hidden=\"true\" class=\"wp-block-spacer\"><\/div>\n\n\n\n<h2 class=\"wp-block-heading\" id=\"h-qui-peut-demander-un-cours-atelier-prive\">Wer kann einen privaten Kurs \/ Workshop beantragen?<\/h2>\n\n\n\n<p>Jede Person <strong>Major<\/strong> (<strong>Amateurin <\/strong>oder <strong>beruflich<\/strong>) kann uns eine Anfrage stellen, um einen privaten Backkurs \/ Workshop durchzuf\u00fchren.<\/p>\n\n\n\n<p>Nutzen Sie dazu unser Formular f\u00fcr <a href=\"https:\/\/chefpastry.ch\/de\/contact\/\" target=\"_blank\" rel=\"noreferrer noopener\">Kontakt <\/a>oder kontaktieren Sie uns telefonisch.<\/p>\n\n\n\n<div style=\"height:50px\" aria-hidden=\"true\" class=\"wp-block-spacer\"><\/div>\n\n\n\n<h2 class=\"wp-block-heading\" id=\"h-quand-a-lieu-le-cours-atelier-patisserie\">Wann findet der Backkurs \/ das Backatelier statt?<\/h2>\n\n\n\n<p>Das Datum f\u00fcr einen Kurs \/ Workshop im privaten Rahmen ist <strong>gew\u00e4hlt <\/strong>nach Ihren <strong>W\u00fcnsche <\/strong>und je nach Verf\u00fcgbarkeit unseres K\u00fcchenchefs Fr\u00e9d\u00e9ric.<\/p>\n\n\n\n<p>Die Samstage sind f\u00fcr Gruppenkurse\/Workshops reserviert, die wir auf unserer Website anbieten.<\/p>\n\n\n\n<p><\/p>\n\n\n\n<div style=\"height:50px\" aria-hidden=\"true\" class=\"wp-block-spacer\"><\/div>\n\n\n\n<h2 class=\"wp-block-heading\" id=\"h-frais-supplementaires\">Zus\u00e4tzliche Kosten<\/h2>\n\n\n\n<p>Um einen Kurs\/Workshop im Privatmodus zu besuchen, berechnen wir einen Aufpreis von CHF 30 pro Kurs\/Workshop, der sich nach dem auf unserer Seite angezeigten Kurs\/Workshop-Preis richtet. <a href=\"https:\/\/chefpastry.ch\/de\/cours-atelier-patisserie\/\" target=\"_blank\" rel=\"noreferrer noopener\">Kurse \/ Workshops Backen<\/a>.<\/p>\n\n\n\n<div style=\"height:50px\" aria-hidden=\"true\" class=\"wp-block-spacer\"><\/div>\n\n\n\n<h2 class=\"wp-block-heading\" id=\"h-les-cours-ateliers-patisserie-proposes\">Die angebotenen Backkurse \/ Workshops<\/h2>\n\n\n\n<p>Alle Kurse \/ Workshops, die f\u00fcr den Gruppenunterricht angeboten werden, k\u00f6nnen auch als Privatunterricht durchgef\u00fchrt werden. Die Backkurse \/ Workshops sind folgende :<\/p>\n\n\n\n<ul class=\"wp-block-list\">\n<li><strong>Macarons&nbsp;<\/strong>: Entdecken Sie die Geheimnisse der Herstellung von Schalen und Ganaches<\/li>\n\n\n\n<li><strong>Entremets&nbsp;<\/strong>: lernen Sie, wie man ein Dessert mit Einlage, Spiegelglasur und Schokoladendekor herstellt...<\/li>\n\n\n\n<li><strong>Torte &amp; Entremets<\/strong>&nbsp;: Wagen Sie die Verbindung einer Torte mit einer Schokoladenganache und einem Entremete<\/li>\n\n\n\n<li><strong>Der Apfel<\/strong>&nbsp;: T\u00e4uschen Sie Ihre G\u00e4ste mit diesem Apfel in verschiedenen Texturen.<\/li>\n\n\n\n<li><strong>Fashion Kaffee Schokolade<\/strong>&nbsp;Kaffee und Schokolade: Kombinieren Sie Kaffee und Schokolade in einem l\u00e4nglichen Dessert mit einer Rocherglasur.<\/li>\n\n\n\n<li><strong>Schachbrett&nbsp;<\/strong>: Spielen Sie bei der Zubereitung dieses Desserts mit vielen verschiedenen Texturen.<\/li>\n<\/ul>\n\n\n\n<p><\/p>\n\n\n\n<div class=\"wp-block-columns is-layout-flex wp-container-core-columns-is-layout-28f84493 wp-block-columns-is-layout-flex\">\n<div class=\"wp-block-column is-layout-flow wp-block-column-is-layout-flow\">\n<figure class=\"wp-block-image size-large\"><img fetchpriority=\"high\" decoding=\"async\" width=\"768\" height=\"1024\" src=\"https:\/\/chefpastry.ch\/wp-content\/uploads\/2022\/11\/Macarons-four-768x1024.jpg\" alt=\"Cours macarons\" class=\"wp-image-10517\" srcset=\"https:\/\/chefpastry.ch\/wp-content\/uploads\/2022\/11\/Macarons-four-768x1024.jpg 768w, https:\/\/chefpastry.ch\/wp-content\/uploads\/2022\/11\/Macarons-four-225x300.jpg 225w, https:\/\/chefpastry.ch\/wp-content\/uploads\/2022\/11\/Macarons-four-1152x1536.jpg 1152w, https:\/\/chefpastry.ch\/wp-content\/uploads\/2022\/11\/Macarons-four-1536x2048.jpg 1536w, https:\/\/chefpastry.ch\/wp-content\/uploads\/2022\/11\/Macarons-four-450x600.jpg 450w, https:\/\/chefpastry.ch\/wp-content\/uploads\/2022\/11\/Macarons-four-75x100.jpg 75w, https:\/\/chefpastry.ch\/wp-content\/uploads\/2022\/11\/Macarons-four-scaled.jpg 1920w\" sizes=\"(max-width: 768px) 100vw, 768px\" \/><\/figure>\n<\/div>\n\n\n\n<div class=\"wp-block-column is-layout-flow wp-block-column-is-layout-flow\">\n<figure class=\"wp-block-image size-large\"><img decoding=\"async\" width=\"768\" height=\"1024\" src=\"https:\/\/chefpastry.ch\/wp-content\/uploads\/2022\/11\/Entremets-768x1024.jpg\" alt=\"Cours Entremets\" class=\"wp-image-10518\" srcset=\"https:\/\/chefpastry.ch\/wp-content\/uploads\/2022\/11\/Entremets-768x1024.jpg 768w, https:\/\/chefpastry.ch\/wp-content\/uploads\/2022\/11\/Entremets-225x300.jpg 225w, https:\/\/chefpastry.ch\/wp-content\/uploads\/2022\/11\/Entremets-1152x1536.jpg 1152w, https:\/\/chefpastry.ch\/wp-content\/uploads\/2022\/11\/Entremets-1536x2048.jpg 1536w, https:\/\/chefpastry.ch\/wp-content\/uploads\/2022\/11\/Entremets-450x600.jpg 450w, https:\/\/chefpastry.ch\/wp-content\/uploads\/2022\/11\/Entremets-75x100.jpg 75w, https:\/\/chefpastry.ch\/wp-content\/uploads\/2022\/11\/Entremets-scaled.jpg 1920w\" sizes=\"(max-width: 768px) 100vw, 768px\" \/><\/figure>\n<\/div>\n\n\n\n<div class=\"wp-block-column is-layout-flow wp-block-column-is-layout-flow\">\n<figure class=\"wp-block-image size-large\"><img decoding=\"async\" width=\"768\" height=\"1024\" src=\"https:\/\/chefpastry.ch\/wp-content\/uploads\/2022\/11\/Tarte-Entremets-768x1024.jpg\" alt=\"Cours Tarte &amp; Entremets\" class=\"wp-image-10520\" srcset=\"https:\/\/chefpastry.ch\/wp-content\/uploads\/2022\/11\/Tarte-Entremets-768x1024.jpg 768w, https:\/\/chefpastry.ch\/wp-content\/uploads\/2022\/11\/Tarte-Entremets-225x300.jpg 225w, https:\/\/chefpastry.ch\/wp-content\/uploads\/2022\/11\/Tarte-Entremets-1152x1536.jpg 1152w, https:\/\/chefpastry.ch\/wp-content\/uploads\/2022\/11\/Tarte-Entremets-1536x2048.jpg 1536w, https:\/\/chefpastry.ch\/wp-content\/uploads\/2022\/11\/Tarte-Entremets-450x600.jpg 450w, https:\/\/chefpastry.ch\/wp-content\/uploads\/2022\/11\/Tarte-Entremets-75x100.jpg 75w, https:\/\/chefpastry.ch\/wp-content\/uploads\/2022\/11\/Tarte-Entremets-scaled.jpg 1920w\" sizes=\"(max-width: 768px) 100vw, 768px\" \/><\/figure>\n<\/div>\n<\/div>\n\n\n\n<div class=\"wp-block-columns is-layout-flex wp-container-core-columns-is-layout-28f84493 wp-block-columns-is-layout-flex\">\n<div class=\"wp-block-column is-layout-flow wp-block-column-is-layout-flow\">\n<figure class=\"wp-block-image size-large\"><img loading=\"lazy\" decoding=\"async\" width=\"768\" height=\"1024\" src=\"https:\/\/chefpastry.ch\/wp-content\/uploads\/2022\/11\/Pomme-768x1024.jpg\" alt=\"Cours La Pomme\" class=\"wp-image-10521\" srcset=\"https:\/\/chefpastry.ch\/wp-content\/uploads\/2022\/11\/Pomme-768x1024.jpg 768w, https:\/\/chefpastry.ch\/wp-content\/uploads\/2022\/11\/Pomme-225x300.jpg 225w, https:\/\/chefpastry.ch\/wp-content\/uploads\/2022\/11\/Pomme-1152x1536.jpg 1152w, https:\/\/chefpastry.ch\/wp-content\/uploads\/2022\/11\/Pomme-1536x2048.jpg 1536w, https:\/\/chefpastry.ch\/wp-content\/uploads\/2022\/11\/Pomme-450x600.jpg 450w, https:\/\/chefpastry.ch\/wp-content\/uploads\/2022\/11\/Pomme-75x100.jpg 75w, https:\/\/chefpastry.ch\/wp-content\/uploads\/2022\/11\/Pomme-scaled.jpg 1920w\" sizes=\"(max-width: 768px) 100vw, 768px\" \/><\/figure>\n<\/div>\n\n\n\n<div class=\"wp-block-column is-layout-flow wp-block-column-is-layout-flow\">\n<figure class=\"wp-block-image size-large\"><img loading=\"lazy\" decoding=\"async\" width=\"768\" height=\"1024\" src=\"https:\/\/chefpastry.ch\/wp-content\/uploads\/2022\/11\/Fashion-Eclair-768x1024.jpg\" alt=\"Cours Fashion caf\u00e9 chocolat\" class=\"wp-image-10522\" srcset=\"https:\/\/chefpastry.ch\/wp-content\/uploads\/2022\/11\/Fashion-Eclair-768x1024.jpg 768w, https:\/\/chefpastry.ch\/wp-content\/uploads\/2022\/11\/Fashion-Eclair-225x300.jpg 225w, https:\/\/chefpastry.ch\/wp-content\/uploads\/2022\/11\/Fashion-Eclair-1152x1536.jpg 1152w, https:\/\/chefpastry.ch\/wp-content\/uploads\/2022\/11\/Fashion-Eclair-1536x2048.jpg 1536w, https:\/\/chefpastry.ch\/wp-content\/uploads\/2022\/11\/Fashion-Eclair-450x600.jpg 450w, https:\/\/chefpastry.ch\/wp-content\/uploads\/2022\/11\/Fashion-Eclair-75x100.jpg 75w, https:\/\/chefpastry.ch\/wp-content\/uploads\/2022\/11\/Fashion-Eclair-scaled.jpg 1920w\" sizes=\"(max-width: 768px) 100vw, 768px\" \/><\/figure>\n<\/div>\n\n\n\n<div class=\"wp-block-column is-layout-flow wp-block-column-is-layout-flow\">\n<figure class=\"wp-block-image size-large\"><img loading=\"lazy\" decoding=\"async\" width=\"768\" height=\"1024\" src=\"https:\/\/chefpastry.ch\/wp-content\/uploads\/2022\/11\/Echiquier-768x1024.jpg\" alt=\"Cours Echiquier\" class=\"wp-image-10523\" srcset=\"https:\/\/chefpastry.ch\/wp-content\/uploads\/2022\/11\/Echiquier-768x1024.jpg 768w, https:\/\/chefpastry.ch\/wp-content\/uploads\/2022\/11\/Echiquier-225x300.jpg 225w, https:\/\/chefpastry.ch\/wp-content\/uploads\/2022\/11\/Echiquier-1152x1536.jpg 1152w, https:\/\/chefpastry.ch\/wp-content\/uploads\/2022\/11\/Echiquier-1536x2048.jpg 1536w, https:\/\/chefpastry.ch\/wp-content\/uploads\/2022\/11\/Echiquier-450x600.jpg 450w, https:\/\/chefpastry.ch\/wp-content\/uploads\/2022\/11\/Echiquier-75x100.jpg 75w, https:\/\/chefpastry.ch\/wp-content\/uploads\/2022\/11\/Echiquier-scaled.jpg 1920w\" sizes=\"(max-width: 768px) 100vw, 768px\" \/><\/figure>\n<\/div>\n<\/div>\n\n\n\n<p>In den Monaten November und Dezember bieten wir auch einen Kurs \u00fcber die <strong>Weihnachtsstollen<\/strong>.<\/p>\n\n\n\n<div class=\"wp-block-columns is-layout-flex wp-container-core-columns-is-layout-28f84493 wp-block-columns-is-layout-flex\">\n<div class=\"wp-block-column is-layout-flow wp-block-column-is-layout-flow\">\n<figure class=\"wp-block-image size-large\"><img loading=\"lazy\" decoding=\"async\" width=\"768\" height=\"1024\" src=\"https:\/\/chefpastry.ch\/wp-content\/uploads\/2022\/11\/Buche-768x1024.jpg\" alt=\"Cours b\u00fbche de No\u00ebl\" class=\"wp-image-10524\" srcset=\"https:\/\/chefpastry.ch\/wp-content\/uploads\/2022\/11\/Buche-768x1024.jpg 768w, https:\/\/chefpastry.ch\/wp-content\/uploads\/2022\/11\/Buche-225x300.jpg 225w, https:\/\/chefpastry.ch\/wp-content\/uploads\/2022\/11\/Buche-1152x1536.jpg 1152w, https:\/\/chefpastry.ch\/wp-content\/uploads\/2022\/11\/Buche-1536x2048.jpg 1536w, https:\/\/chefpastry.ch\/wp-content\/uploads\/2022\/11\/Buche-450x600.jpg 450w, https:\/\/chefpastry.ch\/wp-content\/uploads\/2022\/11\/Buche-75x100.jpg 75w, https:\/\/chefpastry.ch\/wp-content\/uploads\/2022\/11\/Buche-scaled.jpg 1920w\" sizes=\"(max-width: 768px) 100vw, 768px\" \/><\/figure>\n<\/div>\n\n\n\n<div class=\"wp-block-column is-layout-flow wp-block-column-is-layout-flow\">\n<figure class=\"wp-block-image size-large\"><img loading=\"lazy\" decoding=\"async\" width=\"768\" height=\"1024\" src=\"https:\/\/chefpastry.ch\/wp-content\/uploads\/2022\/11\/Buche-maison-768x1024.jpg\" alt=\"Cours b\u00fbche de No\u00ebl\" class=\"wp-image-10525\" srcset=\"https:\/\/chefpastry.ch\/wp-content\/uploads\/2022\/11\/Buche-maison-768x1024.jpg 768w, https:\/\/chefpastry.ch\/wp-content\/uploads\/2022\/11\/Buche-maison-225x300.jpg 225w, https:\/\/chefpastry.ch\/wp-content\/uploads\/2022\/11\/Buche-maison-1152x1536.jpg 1152w, https:\/\/chefpastry.ch\/wp-content\/uploads\/2022\/11\/Buche-maison-1536x2048.jpg 1536w, https:\/\/chefpastry.ch\/wp-content\/uploads\/2022\/11\/Buche-maison-450x600.jpg 450w, https:\/\/chefpastry.ch\/wp-content\/uploads\/2022\/11\/Buche-maison-75x100.jpg 75w, https:\/\/chefpastry.ch\/wp-content\/uploads\/2022\/11\/Buche-maison-scaled.jpg 1920w\" sizes=\"(max-width: 768px) 100vw, 768px\" \/><\/figure>\n<\/div>\n\n\n\n<div class=\"wp-block-column is-layout-flow wp-block-column-is-layout-flow\">\n<figure class=\"wp-block-image size-large\"><img loading=\"lazy\" decoding=\"async\" width=\"768\" height=\"1024\" src=\"https:\/\/chefpastry.ch\/wp-content\/uploads\/2022\/11\/Buche-01-768x1024.jpg\" alt=\"Cours b\u00fbche de No\u00ebl\" class=\"wp-image-10526\" srcset=\"https:\/\/chefpastry.ch\/wp-content\/uploads\/2022\/11\/Buche-01-768x1024.jpg 768w, https:\/\/chefpastry.ch\/wp-content\/uploads\/2022\/11\/Buche-01-225x300.jpg 225w, https:\/\/chefpastry.ch\/wp-content\/uploads\/2022\/11\/Buche-01-1152x1536.jpg 1152w, https:\/\/chefpastry.ch\/wp-content\/uploads\/2022\/11\/Buche-01-1536x2048.jpg 1536w, https:\/\/chefpastry.ch\/wp-content\/uploads\/2022\/11\/Buche-01-450x600.jpg 450w, https:\/\/chefpastry.ch\/wp-content\/uploads\/2022\/11\/Buche-01-75x100.jpg 75w, https:\/\/chefpastry.ch\/wp-content\/uploads\/2022\/11\/Buche-01-scaled.jpg 1920w\" sizes=\"(max-width: 768px) 100vw, 768px\" \/><\/figure>\n<\/div>\n<\/div>\n\n\n\n<p>Die vollst\u00e4ndige Beschreibung der angebotenen Backkurse \/ -workshops finden Sie auf unserer Seite <a href=\"https:\/\/chefpastry.ch\/de\/cours-atelier-patisserie\/\" target=\"_blank\" rel=\"noreferrer noopener\">Kurs \/ Workshop Backen<\/a>.<\/p>\n\n\n\n<div style=\"height:50px\" aria-hidden=\"true\" class=\"wp-block-spacer\"><\/div>\n\n\n\n<h2 class=\"wp-block-heading\" id=\"h-ou-a-lieu-le-cours-atelier\">Wo findet der Kurs \/ Workshop statt?<\/h2>\n\n\n\n<p>Der Kurs \/ Workshop findet in unserem Labor statt, das sich in <strong>Studen BE<\/strong>in der N\u00e4he von Biel\/Bienne.<\/p>\n\n\n\n<p>Das Labor und der Laden befinden sich am selben Ort; Sie haben also Zeit, um von Ihren zuk\u00fcnftigen Arbeiten zu tr\u00e4umen und Material zu erwerben.<\/p>\n\n\n\n<p><\/p>\n\n\n\n<div style=\"height:50px\" aria-hidden=\"true\" class=\"wp-block-spacer\"><\/div>\n\n\n\n<h2 class=\"wp-block-heading\" id=\"h-materiel-a-disposition\">Material zur Verf\u00fcgung<\/h2>\n\n\n\n<p>Bei den Backkursen \/ -workshops stellen wir Ihnen zur Verf\u00fcgung:<\/p>\n\n\n\n<ul class=\"wp-block-list\">\n<li>eine Sch\u00fcrze<\/li>\n\n\n\n<li>alle Materialien, die f\u00fcr die Durchf\u00fchrung der Rezepte ben\u00f6tigt werden<\/li>\n\n\n\n<li>eine Flasche Wasser.<\/li>\n<\/ul>\n\n\n\n<p><\/p>\n\n\n\n<p><\/p>\n\n\n\n<div style=\"height:50px\" aria-hidden=\"true\" class=\"wp-block-spacer\"><\/div>\n\n\n\n<p>Unser Chefkoch Fr\u00e9d\u00e9ric freut sich darauf, diesen Moment mit Ihnen zu teilen \ud83d\ude09.<\/p>\n\n\n\n<div style=\"height:50px\" aria-hidden=\"true\" class=\"wp-block-spacer\"><\/div>","protected":false},"excerpt":{"rendered":"<p>Pourquoi s&rsquo;offrir un cours \/ atelier en priv\u00e9 ? Les raisons sont multiples et propres \u00e0 chacun de vouloir s&rsquo;offrir un cours \/ atelier p\u00e2tisserie en priv\u00e9. Le cours \/ atelier p\u00e2tisserie priv\u00e9 permet d&rsquo;avancer \u00e0 votre rythme et d&rsquo;avoir toute l&rsquo;attention du chef Fr\u00e9d\u00e9ric pour vous. Il vous sera ainsi possible d&rsquo;approfondir vos connaissances [&hellip;]<\/p>\n","protected":false},"author":123457,"featured_media":9466,"comment_status":"closed","ping_status":"closed","sticky":false,"template":"","format":"standard","meta":{"_jet_sm_ready_style":"","_jet_sm_style":"","_jet_sm_controls_values":"","_jet_sm_fonts_collection":"","_jet_sm_fonts_links":"","_joinchat":[],"footnotes":""},"categories":[201],"tags":[],"class_list":["post-10454","post","type-post","status-publish","format-standard","has-post-thumbnail","hentry","category-cours-atelier-patisserie"],"yoast_head":"<!-- This site is optimized with the Yoast SEO plugin v27.0 - https:\/\/yoast.com\/product\/yoast-seo-wordpress\/ -->\n<title>S&#039;offrir un cours \/ atelier p\u00e2tisserie priv\u00e9 - Chef Pastry<\/title>\n<meta name=\"description\" content=\"Le cours \/ atelier priv\u00e9 permet d&#039;avancer \u00e0 votre rythme, d&#039;avoir toute l&#039;attention du chef Fr\u00e9d\u00e9ric et d&#039;approfondir vos connaissances\" \/>\n<meta name=\"robots\" content=\"index, follow, max-snippet:-1, max-image-preview:large, max-video-preview:-1\" \/>\n<link rel=\"canonical\" href=\"https:\/\/chefpastry.ch\/de\/soffrir-cours-atelier-patisserie-prive\/\" \/>\n<meta property=\"og:locale\" content=\"de_DE\" \/>\n<meta property=\"og:type\" content=\"article\" \/>\n<meta property=\"og:title\" content=\"S&#039;offrir un cours \/ atelier p\u00e2tisserie priv\u00e9 - Chef Pastry\" \/>\n<meta property=\"og:description\" content=\"Le cours \/ atelier priv\u00e9 permet d&#039;avancer \u00e0 votre rythme, d&#039;avoir toute l&#039;attention du chef Fr\u00e9d\u00e9ric et d&#039;approfondir vos connaissances\" \/>\n<meta property=\"og:url\" content=\"https:\/\/chefpastry.ch\/de\/soffrir-cours-atelier-patisserie-prive\/\" \/>\n<meta property=\"og:site_name\" content=\"Chef Pastry\" \/>\n<meta property=\"article:published_time\" content=\"2022-11-10T18:59:41+00:00\" \/>\n<meta property=\"article:modified_time\" content=\"2025-12-17T13:43:36+00:00\" \/>\n<meta property=\"og:image\" content=\"https:\/\/chefpastry.ch\/wp-content\/uploads\/2022\/08\/IMG_8305-scaled.jpg\" \/>\n\t<meta property=\"og:image:width\" content=\"1920\" \/>\n\t<meta property=\"og:image:height\" content=\"2560\" \/>\n\t<meta property=\"og:image:type\" content=\"image\/jpeg\" \/>\n<meta name=\"author\" content=\"Aventure\" \/>\n<meta name=\"twitter:card\" content=\"summary_large_image\" \/>\n<meta name=\"twitter:label1\" content=\"Verfasst von\" \/>\n\t<meta name=\"twitter:data1\" content=\"Aventure\" \/>\n\t<meta name=\"twitter:label2\" content=\"Gesch\u00e4tzte Lesezeit\" \/>\n\t<meta name=\"twitter:data2\" content=\"5\u00a0Minuten\" \/>\n<script type=\"application\/ld+json\" class=\"yoast-schema-graph\">{\"@context\":\"https:\/\/schema.org\",\"@graph\":[{\"@type\":\"Article\",\"@id\":\"https:\/\/chefpastry.ch\/soffrir-cours-atelier-patisserie-prive\/#article\",\"isPartOf\":{\"@id\":\"https:\/\/chefpastry.ch\/soffrir-cours-atelier-patisserie-prive\/\"},\"author\":{\"name\":\"Aventure\",\"@id\":\"https:\/\/chefpastry.ch\/#\/schema\/person\/a1097a4f044b6155da536dd90240fb4f\"},\"headline\":\"S&rsquo;offrir un cours \/ atelier p\u00e2tisserie priv\u00e9\",\"datePublished\":\"2022-11-10T18:59:41+00:00\",\"dateModified\":\"2025-12-17T13:43:36+00:00\",\"mainEntityOfPage\":{\"@id\":\"https:\/\/chefpastry.ch\/soffrir-cours-atelier-patisserie-prive\/\"},\"wordCount\":622,\"publisher\":{\"@id\":\"https:\/\/chefpastry.ch\/#organization\"},\"image\":{\"@id\":\"https:\/\/chefpastry.ch\/soffrir-cours-atelier-patisserie-prive\/#primaryimage\"},\"thumbnailUrl\":\"https:\/\/chefpastry.ch\/wp-content\/uploads\/2022\/08\/IMG_8305-scaled.jpg\",\"articleSection\":[\"Cours \/ Atelier P\u00e2tisserie\"],\"inLanguage\":\"de\"},{\"@type\":\"WebPage\",\"@id\":\"https:\/\/chefpastry.ch\/soffrir-cours-atelier-patisserie-prive\/\",\"url\":\"https:\/\/chefpastry.ch\/soffrir-cours-atelier-patisserie-prive\/\",\"name\":\"S'offrir un cours \/ atelier p\u00e2tisserie priv\u00e9 - Chef Pastry\",\"isPartOf\":{\"@id\":\"https:\/\/chefpastry.ch\/#website\"},\"primaryImageOfPage\":{\"@id\":\"https:\/\/chefpastry.ch\/soffrir-cours-atelier-patisserie-prive\/#primaryimage\"},\"image\":{\"@id\":\"https:\/\/chefpastry.ch\/soffrir-cours-atelier-patisserie-prive\/#primaryimage\"},\"thumbnailUrl\":\"https:\/\/chefpastry.ch\/wp-content\/uploads\/2022\/08\/IMG_8305-scaled.jpg\",\"datePublished\":\"2022-11-10T18:59:41+00:00\",\"dateModified\":\"2025-12-17T13:43:36+00:00\",\"description\":\"Le cours \/ atelier priv\u00e9 permet d'avancer \u00e0 votre rythme, d'avoir toute l'attention du chef Fr\u00e9d\u00e9ric et d'approfondir vos connaissances\",\"breadcrumb\":{\"@id\":\"https:\/\/chefpastry.ch\/soffrir-cours-atelier-patisserie-prive\/#breadcrumb\"},\"inLanguage\":\"de\",\"potentialAction\":[{\"@type\":\"ReadAction\",\"target\":[\"https:\/\/chefpastry.ch\/soffrir-cours-atelier-patisserie-prive\/\"]}]},{\"@type\":\"ImageObject\",\"inLanguage\":\"de\",\"@id\":\"https:\/\/chefpastry.ch\/soffrir-cours-atelier-patisserie-prive\/#primaryimage\",\"url\":\"https:\/\/chefpastry.ch\/wp-content\/uploads\/2022\/08\/IMG_8305-scaled.jpg\",\"contentUrl\":\"https:\/\/chefpastry.ch\/wp-content\/uploads\/2022\/08\/IMG_8305-scaled.jpg\",\"width\":1920,\"height\":2560,\"caption\":\"Cours atelier p\u00e2tisserie Tarte & Entremets\"},{\"@type\":\"BreadcrumbList\",\"@id\":\"https:\/\/chefpastry.ch\/soffrir-cours-atelier-patisserie-prive\/#breadcrumb\",\"itemListElement\":[{\"@type\":\"ListItem\",\"position\":1,\"name\":\"Home\",\"item\":\"https:\/\/chefpastry.ch\/\"},{\"@type\":\"ListItem\",\"position\":2,\"name\":\"S&rsquo;offrir un cours \/ atelier p\u00e2tisserie priv\u00e9\"}]},{\"@type\":\"WebSite\",\"@id\":\"https:\/\/chefpastry.ch\/#website\",\"url\":\"https:\/\/chefpastry.ch\/\",\"name\":\"Chef Pastry\",\"description\":\"\",\"publisher\":{\"@id\":\"https:\/\/chefpastry.ch\/#organization\"},\"potentialAction\":[{\"@type\":\"SearchAction\",\"target\":{\"@type\":\"EntryPoint\",\"urlTemplate\":\"https:\/\/chefpastry.ch\/?s={search_term_string}\"},\"query-input\":{\"@type\":\"PropertyValueSpecification\",\"valueRequired\":true,\"valueName\":\"search_term_string\"}}],\"inLanguage\":\"de\"},{\"@type\":\"Organization\",\"@id\":\"https:\/\/chefpastry.ch\/#organization\",\"name\":\"Chef Pastry\",\"url\":\"https:\/\/chefpastry.ch\/\",\"logo\":{\"@type\":\"ImageObject\",\"inLanguage\":\"de\",\"@id\":\"https:\/\/chefpastry.ch\/#\/schema\/logo\/image\/\",\"url\":\"https:\/\/chefpastry.ch\/wp-content\/uploads\/2022\/07\/cropped-chef_pastry_logo_rgb-03.png\",\"contentUrl\":\"https:\/\/chefpastry.ch\/wp-content\/uploads\/2022\/07\/cropped-chef_pastry_logo_rgb-03.png\",\"width\":1545,\"height\":412,\"caption\":\"Chef Pastry\"},\"image\":{\"@id\":\"https:\/\/chefpastry.ch\/#\/schema\/logo\/image\/\"}},{\"@type\":\"Person\",\"@id\":\"https:\/\/chefpastry.ch\/#\/schema\/person\/a1097a4f044b6155da536dd90240fb4f\",\"name\":\"Aventure\",\"image\":{\"@type\":\"ImageObject\",\"inLanguage\":\"de\",\"@id\":\"https:\/\/chefpastry.ch\/#\/schema\/person\/image\/\",\"url\":\"https:\/\/secure.gravatar.com\/avatar\/c237bea9e39bbf6c50d5f1ea4a0f1081de2397bca74221785b431233e59d40fb?s=96&d=mm&r=g\",\"contentUrl\":\"https:\/\/secure.gravatar.com\/avatar\/c237bea9e39bbf6c50d5f1ea4a0f1081de2397bca74221785b431233e59d40fb?s=96&d=mm&r=g\",\"caption\":\"Aventure\"},\"url\":\"https:\/\/chefpastry.ch\/de\/author\/aventure\/\"}]}<\/script>\n<!-- \/ Yoast SEO plugin. -->","yoast_head_json":{"title":"S'offrir un cours \/ atelier p\u00e2tisserie priv\u00e9 - Chef Pastry","description":"Le cours \/ atelier priv\u00e9 permet d'avancer \u00e0 votre rythme, d'avoir toute l'attention du chef Fr\u00e9d\u00e9ric et d'approfondir vos connaissances","robots":{"index":"index","follow":"follow","max-snippet":"max-snippet:-1","max-image-preview":"max-image-preview:large","max-video-preview":"max-video-preview:-1"},"canonical":"https:\/\/chefpastry.ch\/de\/soffrir-cours-atelier-patisserie-prive\/","og_locale":"de_DE","og_type":"article","og_title":"S'offrir un cours \/ atelier p\u00e2tisserie priv\u00e9 - Chef Pastry","og_description":"Le cours \/ atelier priv\u00e9 permet d'avancer \u00e0 votre rythme, d'avoir toute l'attention du chef Fr\u00e9d\u00e9ric et d'approfondir vos connaissances","og_url":"https:\/\/chefpastry.ch\/de\/soffrir-cours-atelier-patisserie-prive\/","og_site_name":"Chef Pastry","article_published_time":"2022-11-10T18:59:41+00:00","article_modified_time":"2025-12-17T13:43:36+00:00","og_image":[{"width":1920,"height":2560,"url":"https:\/\/chefpastry.ch\/wp-content\/uploads\/2022\/08\/IMG_8305-scaled.jpg","type":"image\/jpeg"}],"author":"Aventure","twitter_card":"summary_large_image","twitter_misc":{"Verfasst von":"Aventure","Gesch\u00e4tzte Lesezeit":"5\u00a0Minuten"},"schema":{"@context":"https:\/\/schema.org","@graph":[{"@type":"Article","@id":"https:\/\/chefpastry.ch\/soffrir-cours-atelier-patisserie-prive\/#article","isPartOf":{"@id":"https:\/\/chefpastry.ch\/soffrir-cours-atelier-patisserie-prive\/"},"author":{"name":"Aventure","@id":"https:\/\/chefpastry.ch\/#\/schema\/person\/a1097a4f044b6155da536dd90240fb4f"},"headline":"S&rsquo;offrir un cours \/ atelier p\u00e2tisserie priv\u00e9","datePublished":"2022-11-10T18:59:41+00:00","dateModified":"2025-12-17T13:43:36+00:00","mainEntityOfPage":{"@id":"https:\/\/chefpastry.ch\/soffrir-cours-atelier-patisserie-prive\/"},"wordCount":622,"publisher":{"@id":"https:\/\/chefpastry.ch\/#organization"},"image":{"@id":"https:\/\/chefpastry.ch\/soffrir-cours-atelier-patisserie-prive\/#primaryimage"},"thumbnailUrl":"https:\/\/chefpastry.ch\/wp-content\/uploads\/2022\/08\/IMG_8305-scaled.jpg","articleSection":["Cours \/ Atelier P\u00e2tisserie"],"inLanguage":"de"},{"@type":"WebPage","@id":"https:\/\/chefpastry.ch\/soffrir-cours-atelier-patisserie-prive\/","url":"https:\/\/chefpastry.ch\/soffrir-cours-atelier-patisserie-prive\/","name":"S'offrir un cours \/ atelier p\u00e2tisserie priv\u00e9 - Chef Pastry","isPartOf":{"@id":"https:\/\/chefpastry.ch\/#website"},"primaryImageOfPage":{"@id":"https:\/\/chefpastry.ch\/soffrir-cours-atelier-patisserie-prive\/#primaryimage"},"image":{"@id":"https:\/\/chefpastry.ch\/soffrir-cours-atelier-patisserie-prive\/#primaryimage"},"thumbnailUrl":"https:\/\/chefpastry.ch\/wp-content\/uploads\/2022\/08\/IMG_8305-scaled.jpg","datePublished":"2022-11-10T18:59:41+00:00","dateModified":"2025-12-17T13:43:36+00:00","description":"Le cours \/ atelier priv\u00e9 permet d'avancer \u00e0 votre rythme, d'avoir toute l'attention du chef Fr\u00e9d\u00e9ric et d'approfondir vos connaissances","breadcrumb":{"@id":"https:\/\/chefpastry.ch\/soffrir-cours-atelier-patisserie-prive\/#breadcrumb"},"inLanguage":"de","potentialAction":[{"@type":"ReadAction","target":["https:\/\/chefpastry.ch\/soffrir-cours-atelier-patisserie-prive\/"]}]},{"@type":"ImageObject","inLanguage":"de","@id":"https:\/\/chefpastry.ch\/soffrir-cours-atelier-patisserie-prive\/#primaryimage","url":"https:\/\/chefpastry.ch\/wp-content\/uploads\/2022\/08\/IMG_8305-scaled.jpg","contentUrl":"https:\/\/chefpastry.ch\/wp-content\/uploads\/2022\/08\/IMG_8305-scaled.jpg","width":1920,"height":2560,"caption":"Cours atelier p\u00e2tisserie Tarte & Entremets"},{"@type":"BreadcrumbList","@id":"https:\/\/chefpastry.ch\/soffrir-cours-atelier-patisserie-prive\/#breadcrumb","itemListElement":[{"@type":"ListItem","position":1,"name":"Home","item":"https:\/\/chefpastry.ch\/"},{"@type":"ListItem","position":2,"name":"S&rsquo;offrir un cours \/ atelier p\u00e2tisserie priv\u00e9"}]},{"@type":"WebSite","@id":"https:\/\/chefpastry.ch\/#website","url":"https:\/\/chefpastry.ch\/","name":"Chef Pastry","description":"","publisher":{"@id":"https:\/\/chefpastry.ch\/#organization"},"potentialAction":[{"@type":"SearchAction","target":{"@type":"EntryPoint","urlTemplate":"https:\/\/chefpastry.ch\/?s={search_term_string}"},"query-input":{"@type":"PropertyValueSpecification","valueRequired":true,"valueName":"search_term_string"}}],"inLanguage":"de"},{"@type":"Organization","@id":"https:\/\/chefpastry.ch\/#organization","name":"Chef Pastry","url":"https:\/\/chefpastry.ch\/","logo":{"@type":"ImageObject","inLanguage":"de","@id":"https:\/\/chefpastry.ch\/#\/schema\/logo\/image\/","url":"https:\/\/chefpastry.ch\/wp-content\/uploads\/2022\/07\/cropped-chef_pastry_logo_rgb-03.png","contentUrl":"https:\/\/chefpastry.ch\/wp-content\/uploads\/2022\/07\/cropped-chef_pastry_logo_rgb-03.png","width":1545,"height":412,"caption":"Chef Pastry"},"image":{"@id":"https:\/\/chefpastry.ch\/#\/schema\/logo\/image\/"}},{"@type":"Person","@id":"https:\/\/chefpastry.ch\/#\/schema\/person\/a1097a4f044b6155da536dd90240fb4f","name":"Abenteuer","image":{"@type":"ImageObject","inLanguage":"de","@id":"https:\/\/chefpastry.ch\/#\/schema\/person\/image\/","url":"https:\/\/secure.gravatar.com\/avatar\/c237bea9e39bbf6c50d5f1ea4a0f1081de2397bca74221785b431233e59d40fb?s=96&d=mm&r=g","contentUrl":"https:\/\/secure.gravatar.com\/avatar\/c237bea9e39bbf6c50d5f1ea4a0f1081de2397bca74221785b431233e59d40fb?s=96&d=mm&r=g","caption":"Aventure"},"url":"https:\/\/chefpastry.ch\/de\/author\/aventure\/"}]}},"_links":{"self":[{"href":"https:\/\/chefpastry.ch\/de\/wp-json\/wp\/v2\/posts\/10454","targetHints":{"allow":["GET"]}}],"collection":[{"href":"https:\/\/chefpastry.ch\/de\/wp-json\/wp\/v2\/posts"}],"about":[{"href":"https:\/\/chefpastry.ch\/de\/wp-json\/wp\/v2\/types\/post"}],"author":[{"embeddable":true,"href":"https:\/\/chefpastry.ch\/de\/wp-json\/wp\/v2\/users\/123457"}],"replies":[{"embeddable":true,"href":"https:\/\/chefpastry.ch\/de\/wp-json\/wp\/v2\/comments?post=10454"}],"version-history":[{"count":1,"href":"https:\/\/chefpastry.ch\/de\/wp-json\/wp\/v2\/posts\/10454\/revisions"}],"predecessor-version":[{"id":17045,"href":"https:\/\/chefpastry.ch\/de\/wp-json\/wp\/v2\/posts\/10454\/revisions\/17045"}],"wp:featuredmedia":[{"embeddable":true,"href":"https:\/\/chefpastry.ch\/de\/wp-json\/wp\/v2\/media\/9466"}],"wp:attachment":[{"href":"https:\/\/chefpastry.ch\/de\/wp-json\/wp\/v2\/media?parent=10454"}],"wp:term":[{"taxonomy":"category","embeddable":true,"href":"https:\/\/chefpastry.ch\/de\/wp-json\/wp\/v2\/categories?post=10454"},{"taxonomy":"post_tag","embeddable":true,"href":"https:\/\/chefpastry.ch\/de\/wp-json\/wp\/v2\/tags?post=10454"}],"curies":[{"name":"wp","href":"https:\/\/api.w.org\/{rel}","templated":true}]}}